{"id":2435,"date":"2017-05-18T13:03:30","date_gmt":"2017-05-18T11:03:30","guid":{"rendered":"http:\/\/das-kloeppelmuseum.de\/?p=2435"},"modified":"2019-03-14T16:56:26","modified_gmt":"2019-03-14T15:56:26","slug":"kloeppelwochenende-weihnachten","status":"publish","type":"post","link":"http:\/\/das-kloeppelmuseum.de\/en\/kloeppelwochenende-weihnachten\/","title":{"rendered":"(Deutsch) Kl\u00f6ppelwochenende \u2013  \u201eWeihnachten\u201c"},"content":{"rendered":"<p><\/p>\r\n<p><span style=\"font-family: helvetica,arial,sans-serif; font-size: 18pt;\"><strong><span style=\"color: #993366;\">Wochenend \u2013 Powerworkshop \u201eWeihnachten\u201c<\/span><\/strong><\/span><\/p>\r\n<p><span style=\"font-family: helvetica,arial,sans-serif; font-size: 10pt;\"><span style=\"color: #993366;\"><a href=\"http:\/\/das-kloeppelmuseum.de\/wp-content\/uploads\/2017\/05\/Workshop_Weihnachten.jpg\"><img loading=\"lazy\" decoding=\"async\" class=\"wp-image-2616 alignleft\" src=\"http:\/\/das-kloeppelmuseum.de\/wp-content\/uploads\/2017\/05\/Workshop_Weihnachten.jpg\" alt=\"\" width=\"365\" height=\"315\" srcset=\"http:\/\/das-kloeppelmuseum.de\/wp-content\/uploads\/2017\/05\/Workshop_Weihnachten.jpg 850w, http:\/\/das-kloeppelmuseum.de\/wp-content\/uploads\/2017\/05\/Workshop_Weihnachten-200x173.jpg 200w, http:\/\/das-kloeppelmuseum.de\/wp-content\/uploads\/2017\/05\/Workshop_Weihnachten-768x663.jpg 768w\" sizes=\"auto, (max-width: 365px) 100vw, 365px\" \/><\/a><\/span><\/span><span style=\"font-size: 14px;\"><span style=\"font-family: helvetica, arial, sans-serif;\">Geeignet ist der Kurs f\u00fcr Anf\u00e4nger und Fortgeschrittene. Weihnachten steht vor der T\u00fcr. Wir haben viele Muster aus denen Sie das f\u00fcr Sie passende ausw\u00e4hlen k\u00f6nnen. Selbstverst\u00e4ndlich ist dies kein \u201eMuss\u201c Sollten Sie im November schon wieder Lust auf Fr\u00fchling haben &#8211; auch diesem Wunsch k\u00f6nnen wir entsprechen. Auch Fragen zu ihren Kl\u00f6ppelbriefen beantworten wir gerne. Wir werden versuchen individuell auf ihre W\u00fcnsche einzugehen.<\/span><\/span><\/p>\r\n<p><strong><span style=\"color: #454545;\">Kurstermin:<\/span><\/strong> 18.11.\/ 19.11.2017\r\nAnmeldeschluss: 03.11.2017\r\n<strong>Kurszeiten: <\/strong>9 Uhr \u2013 12 Uhr und 13 Uhr \u2013 16 Uhr<strong>\r\n<\/strong><span style=\"font-size: 14px;\"><span style=\"font-family: helvetica, arial, sans-serif;\"><strong>Kursgeb\u00fchr: 75 \u20ac<\/strong><\/span><\/span><\/p>\r\n<p style=\"text-align: center;\"><span style=\"font-family: helvetica,arial,sans-serif; font-size: 13pt;\">\u00a0<\/span><\/p>\r\n\r\n<div class=\"csRow\">\r\n<h5 class=\"bodytext\" style=\"text-align: center;\"><span style=\"font-family: helvetica,arial,sans-serif;\">\u00a0<\/span><\/h5>\r\n<\/div>\r\n<p><\/p>","protected":false},"excerpt":{"rendered":"<p>Wochenend \u2013 Powerworkshop \u201eWeihnachten\u201c Geeignet ist der Kurs f\u00fcr Anf\u00e4nger und Fortgeschrittene. Weihnachten steht vor der T\u00fcr. Wir haben viele Muster aus denen Sie das f\u00fcr Sie passende ausw\u00e4hlen k\u00f6nnen. Selbstverst\u00e4ndlich ist dies kein \u201eMuss\u201c Sollten Sie im November schon wieder Lust auf Fr\u00fchling haben &#8211; auch diesem Wunsch k\u00f6nnen wir entsprechen. Auch Fragen zu&hellip;<\/p>\n","protected":false},"author":1,"featured_media":0,"comment_status":"closed","ping_status":"closed","sticky":false,"template":"","format":"standard","meta":{"footnotes":""},"categories":[1],"tags":[],"class_list":["post-2435","post","type-post","status-publish","format-standard","hentry","category-allgemein","no-post-thumbnail","post-grid-2-col","entry"],"_links":{"self":[{"href":"http:\/\/das-kloeppelmuseum.de\/en\/wp-json\/wp\/v2\/posts\/2435","targetHints":{"allow":["GET"]}}],"collection":[{"href":"http:\/\/das-kloeppelmuseum.de\/en\/wp-json\/wp\/v2\/posts"}],"about":[{"href":"http:\/\/das-kloeppelmuseum.de\/en\/wp-json\/wp\/v2\/types\/post"}],"author":[{"embeddable":true,"href":"http:\/\/das-kloeppelmuseum.de\/en\/wp-json\/wp\/v2\/users\/1"}],"replies":[{"embeddable":true,"href":"http:\/\/das-kloeppelmuseum.de\/en\/wp-json\/wp\/v2\/comments?post=2435"}],"version-history":[{"count":164,"href":"http:\/\/das-kloeppelmuseum.de\/en\/wp-json\/wp\/v2\/posts\/2435\/revisions"}],"predecessor-version":[{"id":4381,"href":"http:\/\/das-kloeppelmuseum.de\/en\/wp-json\/wp\/v2\/posts\/2435\/revisions\/4381"}],"wp:attachment":[{"href":"http:\/\/das-kloeppelmuseum.de\/en\/wp-json\/wp\/v2\/media?parent=2435"}],"wp:term":[{"taxonomy":"category","embeddable":true,"href":"http:\/\/das-kloeppelmuseum.de\/en\/wp-json\/wp\/v2\/categories?post=2435"},{"taxonomy":"post_tag","embeddable":true,"href":"http:\/\/das-kloeppelmuseum.de\/en\/wp-json\/wp\/v2\/tags?post=2435"}],"curies":[{"name":"wp","href":"https:\/\/api.w.org\/{rel}","templated":true}]}}